{"id":424,"date":"2013-02-27T17:48:28","date_gmt":"2013-02-27T16:48:28","guid":{"rendered":"http:\/\/www.subsolar.net\/schnittstellen\/?p=424"},"modified":"2013-02-27T17:48:28","modified_gmt":"2013-02-27T16:48:28","slug":"atmospharepost","status":"publish","type":"post","link":"https:\/\/www.subsolar.net\/schnittstellen\/atmospharepost\/","title":{"rendered":"ATMOSPH\u00c4RE"},"content":{"rendered":"<p>Der gestimmte Raum ist verwandt mit dem Begriff der Atmosph\u00e4re. So, wie gestimmter Raum ein urspr\u00fcngliches Erschlossensein von Welt beschreibt, ist die Atmosph\u00e4re eine dem Raum eigene Qualit\u00e4t, die den dort anwesenden Menschen affiziert. Als immersive Umgebungen, denen sich niemand entziehen kann, besitzen Atmosph\u00e4ren einen totalit\u00e4ren Charakter.<br \/>\nNicht nur in Bezug auf offene, st\u00e4dtische R\u00e4ume sind der Manipulation von Atmosph\u00e4ren jedoch Grenzen gesetzt. Hier \u00fcberlagern sich nicht nur bauliche und ereignishafte Komponenten, die sich wechselseitig beeinflussen, sondern auch andere, schwer zu kontrollierende Aspekte wie Wetter, Tageszeit, Temperatur und Performanz des Ortes. W\u00e4hrend diese Einflussfaktoren dazu f\u00fchren, dass die unterschiedliche Erscheinung von Orten ganz verschiedene Valenzen erzeugen kann, sind auch Ambi-Valenzen m\u00f6glich, die einen Ort simultan besetzen.<\/p>\n<p>Alle Notationen zu &gt; <a href=\"http:\/\/www.subsolar.net\/schnittstellen\/category\/atmosphaere\/\">ATMOSPH\u00c4RE<\/a><\/p>\n","protected":false},"excerpt":{"rendered":"<p>Der gestimmte Raum ist verwandt mit dem Begriff der Atmosph\u00e4re. So, wie gestimmter Raum ein urspr\u00fcngliches Erschlossensein von Welt beschreibt, ist die Atmosph\u00e4re eine dem Raum eigene Qualit\u00e4t, die den dort anwesenden Menschen affiziert. Als immersive Umgebungen, denen sich niemand entziehen kann, besitzen Atmosph\u00e4ren einen totalit\u00e4ren Charakter. Nicht nur in Bezug auf offene, st\u00e4dtische R\u00e4ume [&hellip;]<\/p>\n","protected":false},"author":1,"featured_media":157,"comment_status":"closed","ping_status":"closed","sticky":false,"template":"","format":"standard","meta":{"footnotes":""},"categories":[17,21],"tags":[],"class_list":["post-424","post","type-post","status-publish","format-standard","has-post-thumbnail","hentry","category-atmosphaere","category-featured-work"],"_links":{"self":[{"href":"https:\/\/www.subsolar.net\/schnittstellen\/wp-json\/wp\/v2\/posts\/424","targetHints":{"allow":["GET"]}}],"collection":[{"href":"https:\/\/www.subsolar.net\/schnittstellen\/wp-json\/wp\/v2\/posts"}],"about":[{"href":"https:\/\/www.subsolar.net\/schnittstellen\/wp-json\/wp\/v2\/types\/post"}],"author":[{"embeddable":true,"href":"https:\/\/www.subsolar.net\/schnittstellen\/wp-json\/wp\/v2\/users\/1"}],"replies":[{"embeddable":true,"href":"https:\/\/www.subsolar.net\/schnittstellen\/wp-json\/wp\/v2\/comments?post=424"}],"version-history":[{"count":1,"href":"https:\/\/www.subsolar.net\/schnittstellen\/wp-json\/wp\/v2\/posts\/424\/revisions"}],"predecessor-version":[{"id":425,"href":"https:\/\/www.subsolar.net\/schnittstellen\/wp-json\/wp\/v2\/posts\/424\/revisions\/425"}],"wp:featuredmedia":[{"embeddable":true,"href":"https:\/\/www.subsolar.net\/schnittstellen\/wp-json\/wp\/v2\/media\/157"}],"wp:attachment":[{"href":"https:\/\/www.subsolar.net\/schnittstellen\/wp-json\/wp\/v2\/media?parent=424"}],"wp:term":[{"taxonomy":"category","embeddable":true,"href":"https:\/\/www.subsolar.net\/schnittstellen\/wp-json\/wp\/v2\/categories?post=424"},{"taxonomy":"post_tag","embeddable":true,"href":"https:\/\/www.subsolar.net\/schnittstellen\/wp-json\/wp\/v2\/tags?post=424"}],"curies":[{"name":"wp","href":"https:\/\/api.w.org\/{rel}","templated":true}]}}